{"id":10388,"date":"2017-01-13T13:47:02","date_gmt":"2017-01-13T11:47:02","guid":{"rendered":"https:\/\/www.ebookers.fi\/matka-blogi\/?p=10388"},"modified":"2018-04-21T23:04:14","modified_gmt":"2018-04-21T21:04:14","slug":"trendikkaat-matkakohteet-vuonna-2017","status":"publish","type":"post","link":"https:\/\/www.ebookers.fi\/matka-blogi\/aurinko\/trendikkaat-matkakohteet-vuonna-2017\/","title":{"rendered":"Trendikk\u00e4\u00e4t matkakohteet vuonna 2017"},"content":{"rendered":"<p>Vuosi 2017 tuo mukanaan uusia ja j\u00e4nnitt\u00e4vi\u00e4 matkakohteita. Jotkin ovat vanhoja suosikkeja uusissa kuosissa, toiset taas uusia tulokkaita matkailukent\u00e4ll\u00e4. Jopa kokeneimmatkin matkaajat l\u00f6yt\u00e4v\u00e4t joukosta uusia l\u00f6yt\u00f6j\u00e4. Suuntaa ensimm\u00e4isten joukossa v\u00e4hemm\u00e4lle huomiolle j\u00e4\u00e4neelle Balkanin vaellusreitille tai koe kotimaan luonnonihmeet uusin silmin.<\/p>\n<p><strong>\u00a0<\/strong><\/p>\n<p style=\"text-align: center;\"><strong>Satavuotiaan Suomen ainutlaatuinen luonto<\/strong><\/p>\n<p><img loading=\"lazy\" decoding=\"async\" class=\"aligncenter wp-image-10389 size-large\" src=\"https:\/\/www.ebookers.fi\/matka-blogi\/wp-content\/uploads\/2017\/01\/Hellsinki-Summer--1024x629.jpg\" alt=\"Summer of Helsinki, Finland.\" width=\"850\" height=\"522\" srcset=\"https:\/\/www.ebookers.fi\/matka-blogi\/wp-content\/uploads\/2017\/01\/Hellsinki-Summer--1024x629.jpg 1024w, https:\/\/www.ebookers.fi\/matka-blogi\/wp-content\/uploads\/2017\/01\/Hellsinki-Summer--150x92.jpg 150w, https:\/\/www.ebookers.fi\/matka-blogi\/wp-content\/uploads\/2017\/01\/Hellsinki-Summer--300x184.jpg 300w, https:\/\/www.ebookers.fi\/matka-blogi\/wp-content\/uploads\/2017\/01\/Hellsinki-Summer--768x472.jpg 768w\" sizes=\"auto, (max-width: 850px) 100vw, 850px\" \/><\/p>\n<p>Suomen itsen\u00e4isyyden satavuotista taivalta juhlitaan vuonna 2017. Mikset viett\u00e4isi juhlavuotta tutustuen l\u00e4hemmin kotimaan tarjontaan? L\u00e4hde hiljentym\u00e4\u00e4n lumisiin er\u00e4maihin tai retkeilem\u00e4\u00e4n kes\u00e4n valoisille vaellusreiteille. Joka puolelta maata aivan kotinurkilta l\u00f6ytyy runsaasti kansallispuistoja ja polkuja koettavaksi useammallekin kerralle. Museot ja kulttuurikeskukset ymp\u00e4ri maan j\u00e4rjest\u00e4v\u00e4t itsen\u00e4isyysvuotta k\u00e4sittelevi\u00e4 juhlan\u00e4yttelyit\u00e4, mink\u00e4 lis\u00e4ksi erilaisia juhlatilaisuuksia j\u00e4rjestet\u00e4\u00e4n vuoden ymp\u00e4ri. Juhlat alkoivat n\u00e4ytt\u00e4v\u00e4sti Helsingin T\u00f6\u00f6l\u00f6nlahdelta, jossa uudenvuodeny\u00f6n\u00e4 ammutut n\u00e4ytt\u00e4v\u00e4t ilotulitukset veiv\u00e4t itsen\u00e4isen Suomen uudelle vuosisadalle.<\/p>\n<p><strong>\u00a0<\/strong><\/p>\n<p style=\"text-align: center;\"><strong>Uudistunut Bordeaux<\/strong><\/p>\n<p><img loading=\"lazy\" decoding=\"async\" class=\"aligncenter wp-image-10391 size-large\" src=\"https:\/\/www.ebookers.fi\/matka-blogi\/wp-content\/uploads\/2017\/01\/Bordeaux--1024x768.jpg\" alt=\"Square in St.Emilion Gironde, Aquitaine, France\" width=\"850\" height=\"638\" srcset=\"https:\/\/www.ebookers.fi\/matka-blogi\/wp-content\/uploads\/2017\/01\/Bordeaux--1024x768.jpg 1024w, https:\/\/www.ebookers.fi\/matka-blogi\/wp-content\/uploads\/2017\/01\/Bordeaux--150x113.jpg 150w, https:\/\/www.ebookers.fi\/matka-blogi\/wp-content\/uploads\/2017\/01\/Bordeaux--300x225.jpg 300w, https:\/\/www.ebookers.fi\/matka-blogi\/wp-content\/uploads\/2017\/01\/Bordeaux--768x576.jpg 768w\" sizes=\"auto, (max-width: 850px) 100vw, 850px\" \/><\/p>\n<p>Bordeaux\u2019sta ja sen auringonpaisteen t\u00e4ytt\u00e4mist\u00e4 viinialueista on tullut synonyymi laatuviineille. Viime vuosien mittaan kaupungista itsest\u00e4\u00e4n on kuitenkin tullut yksi Ranskan mielenkiintoisimmista ja j\u00e4nnitt\u00e4vimmist\u00e4 matkakohteista. Isossa mittakaavassa tehtyjen remonttien ansiosta kaupungin historialliset rakennukset n\u00e4ytt\u00e4v\u00e4t paremmilta kuin koskaan, mink\u00e4 lis\u00e4ksi uusi, korkeaa teknologiaa hy\u00f6dynt\u00e4v\u00e4 joukkoliikennej\u00e4rjestelm\u00e4 tekee t\u00e4h\u00e4n etel\u00e4ranskalaiseen kaupunkiin tutustumisesta helppoa ja vaivatonta. Jos pid\u00e4t hyv\u00e4st\u00e4 ruoasta ja viinist\u00e4, Bordeaux ansaitsee ehdottomasti paikan matkasuunnitelmassasi. Yrit\u00e4 ajoittaa matkasi kes\u00e4kuulle 2017, jolloin kaupungin vuosittaiset VINEXPO-messut esittelev\u00e4t maailman parhaita viinej\u00e4.<\/p>\n<p style=\"text-align: center;\"><strong>Kolumbia, hiomaton timantti<\/strong><\/p>\n<p><img loading=\"lazy\" decoding=\"async\" class=\"aligncenter wp-image-10390 size-large\" src=\"https:\/\/www.ebookers.fi\/matka-blogi\/wp-content\/uploads\/2017\/01\/Cartagena--1024x683.jpg\" alt=\"Cartagena, Colombia - December 19, 2014: People fillip up the seats in Plaza Santo Domingo, a plaza popular among locals and tourists in Cartagena, Colombia.\" width=\"850\" height=\"567\" srcset=\"https:\/\/www.ebookers.fi\/matka-blogi\/wp-content\/uploads\/2017\/01\/Cartagena--1024x683.jpg 1024w, https:\/\/www.ebookers.fi\/matka-blogi\/wp-content\/uploads\/2017\/01\/Cartagena--150x100.jpg 150w, https:\/\/www.ebookers.fi\/matka-blogi\/wp-content\/uploads\/2017\/01\/Cartagena--300x200.jpg 300w, https:\/\/www.ebookers.fi\/matka-blogi\/wp-content\/uploads\/2017\/01\/Cartagena--768x512.jpg 768w\" sizes=\"auto, (max-width: 850px) 100vw, 850px\" \/><\/p>\n<p>Vaikka Kolumbia on edelleen karkea kulmistaan, maa on silti kehittym\u00e4ss\u00e4. Varsinkin maan p\u00e4\u00e4kaupungista Bogot\u00e1sta on nopeasti tulossa suosittu matkailukohde, ja kaupunkiin ilmestyy jatkuvasti uusia boutique-hotelleja ja korkealuokkaisia ravintoloita. Mielenkiintoinen fakta: Kolumbia dekriminalisoi graffitit vuonna 2011, josta alkoi kaupungin seini\u00e4 koristavan upean katutaiteen uusi aikakausi. Cartagenasta et kuitenkaan graffiteja l\u00f6yd\u00e4. T\u00e4m\u00e4 Latinalaisen Amerikan kaunein kaupunki on kuuluisa niin upeasta arkkitehtuuristaan kuin hiekkarannoistaan ja ylt\u00e4kyll\u00e4isest\u00e4 auringonpaisteestaan.<\/p>\n<p><strong>\u00a0<\/strong><\/p>\n<p style=\"text-align: center;\"><strong>Vuoden 2017 paras matkakohde Kanada valmistautuu suuriin juhliin<\/strong><\/p>\n<p><img loading=\"lazy\" decoding=\"async\" class=\"wp-image-10392 size-large\" src=\"https:\/\/www.ebookers.fi\/matka-blogi\/wp-content\/uploads\/2017\/01\/Canada--1024x681.jpg\" alt=\"Epic Moraine Lake in Banff National Park, Bristish Columbia\" width=\"850\" height=\"565\" srcset=\"https:\/\/www.ebookers.fi\/matka-blogi\/wp-content\/uploads\/2017\/01\/Canada--1024x681.jpg 1024w, https:\/\/www.ebookers.fi\/matka-blogi\/wp-content\/uploads\/2017\/01\/Canada--150x100.jpg 150w, https:\/\/www.ebookers.fi\/matka-blogi\/wp-content\/uploads\/2017\/01\/Canada--300x199.jpg 300w, https:\/\/www.ebookers.fi\/matka-blogi\/wp-content\/uploads\/2017\/01\/Canada--768x511.jpg 768w\" sizes=\"auto, (max-width: 850px) 100vw, 850px\" \/><\/p>\n<p>Lonely Planetin vuoden 2017 parhaaksi matkakohteeksi valitsemalla Kanadalla on paljon annettavaa tittelins\u00e4 vastineeksi. Maailman toiseksi suurin maa on kuuluisa kauniista luonnostaan ja laajoista er\u00e4maistaan, vuoristoissa kulkevista vaelluspoluistaan ja valaidenkatselumahdollisuuksistaan. Niagaran putouksista puhumattakaan! Kanadalla on paljon tarjottavaa my\u00f6s kaupunkimatkailijoille. Maan kaupungeista Vancouverista Winnipegiin ja Torontoon l\u00f6ytyy runsaasti historiaa, kulttuuria ja y\u00f6el\u00e4m\u00e4n viettomahdollisuuksia jokaiseen makuun. Vuonna 2017 Kanada juhlii 150-vuotisp\u00e4ivi\u00e4\u00e4n moninaisin juhlallisuuksin ymp\u00e4ri maan.<\/p>\n<p><strong>\u00a0<\/strong><\/p>\n<p style=\"text-align: center;\"><strong>Vaeltelua, viini\u00e4 ja perinteit\u00e4 Balkanin Via Dinarica -reitill\u00e4<\/strong><\/p>\n<p><img loading=\"lazy\" decoding=\"async\" class=\"aligncenter wp-image-10393 size-large\" src=\"https:\/\/www.ebookers.fi\/matka-blogi\/wp-content\/uploads\/2017\/01\/Balkan-Landscape--1024x683.jpg\" alt=\"Beautiful summer sunset over Tara Mountain Range in western Serbia.\" width=\"850\" height=\"567\" srcset=\"https:\/\/www.ebookers.fi\/matka-blogi\/wp-content\/uploads\/2017\/01\/Balkan-Landscape--1024x683.jpg 1024w, https:\/\/www.ebookers.fi\/matka-blogi\/wp-content\/uploads\/2017\/01\/Balkan-Landscape--150x100.jpg 150w, https:\/\/www.ebookers.fi\/matka-blogi\/wp-content\/uploads\/2017\/01\/Balkan-Landscape--300x200.jpg 300w, https:\/\/www.ebookers.fi\/matka-blogi\/wp-content\/uploads\/2017\/01\/Balkan-Landscape--768x513.jpg 768w\" sizes=\"auto, (max-width: 850px) 100vw, 850px\" \/><\/p>\n<p>Via Dinarica on t\u00e4ll\u00e4 hetkell\u00e4 kuumin vaellusreitti, jonka suosio on jatkuvassa kasvussa ulkoiluihmisten keskuudessa. L\u00e4nsi-Balkaneilta Sloveniasta aina Makedoniaan asti kulkeva reitti kulkee usean maan l\u00e4pi, ja matkan varrella saat hyv\u00e4n tilaisuuden tutustua maiden eroavaisuuksiin ja perinteisiin. Laskeutuessasi vuoristoseuduilta laaksoihin ja niiss\u00e4 sijaitseviin lukuisiin kyliin huomaat, kuinka vanhat perinteet ovat yh\u00e4 voimissaan. Paikallisen ruoat ovat uskomattoman herkullisia, ja jokaisella kyl\u00e4ss\u00e4 on oma kulinaarinen erikoisuutensa. Ved\u00e4 siis vaelluskeng\u00e4t jalkaan ja l\u00e4hde seikkailuun!<\/p>\n<p>&nbsp;<\/p>\n<p>&nbsp;<\/p>\n<!-- AddThis Advanced Settings generic via filter on the_content --><!-- AddThis Share Buttons generic via filter on the_content -->","protected":false},"excerpt":{"rendered":"<p>Vuosi 2017 tuo mukanaan uusia ja j\u00e4nnitt\u00e4vi\u00e4 matkakohteita. Jotkin ovat vanhoja suosikkeja uusissa kuosissa, toiset taas uusia tulokkaita matkailukent\u00e4ll\u00e4. Jopa [&hellip;]<!-- AddThis Advanced Settings generic via filter on get_the_excerpt --><!-- AddThis Share Buttons generic via filter on get_the_excerpt --><\/p>\n","protected":false},"author":38,"featured_media":10393,"comment_status":"open","ping_status":"open","sticky":false,"template":"","format":"standard","meta":{"footnotes":""},"categories":[951,3],"tags":[972],"class_list":["post-10388","post","type-post","status-publish","format-standard","has-post-thumbnail","hentry","category-aurinko","category-kaupungit","tag-featured"],"acf":{"acf_offers_api_ebookers_destinations":""},"posts_api_cpm_point":[{"name":"","description":"","thumbnail":"","address":"Helsinki, Finland","latitude":"60.16985569999999","longitude":"24.93837910000002","icon":"\/images\/icons\/marker.png"}],"yoast_head":"<!-- This site is optimized with the Yoast SEO plugin v19.8 - https:\/\/yoast.com\/wordpress\/plugins\/seo\/ -->\n<title>Haluatko l\u00f6yt\u00e4\u00e4 uudet ja trendikk\u00e4\u00e4t matkailukohteet ensimm\u00e4isten joukossa? Seuraavassa esitell\u00e4\u00e4n vuoden 2017 mielenkiintoisimmat kohteet ja niiden tarjonta.<\/title>\n<meta name=\"description\" content=\"Haluatko l\u00f6yt\u00e4\u00e4 uudet ja trendikk\u00e4\u00e4t matkailukohteet ensimm\u00e4isten joukossa? Seuraavassa esitell\u00e4\u00e4n vuoden 2017 mielenkiintoisimmat kohteet ja niiden tarjonta.\" \/>\n<meta name=\"robots\" content=\"index, follow, max-snippet:-1, max-image-preview:large, max-video-preview:-1\" \/>\n<link rel=\"canonical\" href=\"https:\/\/www.ebookers.fi\/matka-blogi\/aurinko\/trendikkaat-matkakohteet-vuonna-2017\/\" \/>\n<meta property=\"og:locale\" content=\"en_US\" \/>\n<meta property=\"og:type\" content=\"article\" \/>\n<meta property=\"og:title\" content=\"Haluatko l\u00f6yt\u00e4\u00e4 uudet ja trendikk\u00e4\u00e4t matkailukohteet ensimm\u00e4isten joukossa? Seuraavassa esitell\u00e4\u00e4n vuoden 2017 mielenkiintoisimmat kohteet ja niiden tarjonta.\" \/>\n<meta property=\"og:description\" content=\"Haluatko l\u00f6yt\u00e4\u00e4 uudet ja trendikk\u00e4\u00e4t matkailukohteet ensimm\u00e4isten joukossa? Seuraavassa esitell\u00e4\u00e4n vuoden 2017 mielenkiintoisimmat kohteet ja niiden tarjonta.\" \/>\n<meta property=\"og:url\" content=\"https:\/\/www.ebookers.fi\/matka-blogi\/aurinko\/trendikkaat-matkakohteet-vuonna-2017\/\" \/>\n<meta property=\"og:site_name\" content=\"ebookers matkablogi\" \/>\n<meta property=\"article:published_time\" content=\"2017-01-13T11:47:02+00:00\" \/>\n<meta property=\"article:modified_time\" content=\"2018-04-21T21:04:14+00:00\" \/>\n<meta name=\"author\" content=\"Frances Doherty\" \/>\n<meta name=\"twitter:card\" content=\"summary_large_image\" \/>\n<meta name=\"twitter:image\" content=\"https:\/\/www.ebookers.fi\/matka-blogi\/wp-content\/uploads\/2017\/01\/Balkan-Landscape-.jpg\" \/>\n<meta name=\"twitter:label1\" content=\"Written by\" \/>\n\t<meta name=\"twitter:data1\" content=\"Frances Doherty\" \/>\n\t<meta name=\"twitter:label2\" content=\"Est. reading time\" \/>\n\t<meta name=\"twitter:data2\" content=\"2 minutes\" \/>\n<script type=\"application\/ld+json\" class=\"yoast-schema-graph\">{\"@context\":\"https:\/\/schema.org\",\"@graph\":[{\"@type\":\"WebPage\",\"@id\":\"https:\/\/www.ebookers.fi\/matka-blogi\/aurinko\/trendikkaat-matkakohteet-vuonna-2017\/\",\"url\":\"https:\/\/www.ebookers.fi\/matka-blogi\/aurinko\/trendikkaat-matkakohteet-vuonna-2017\/\",\"name\":\"Haluatko l\u00f6yt\u00e4\u00e4 uudet ja trendikk\u00e4\u00e4t matkailukohteet ensimm\u00e4isten joukossa? Seuraavassa esitell\u00e4\u00e4n vuoden 2017 mielenkiintoisimmat kohteet ja niiden tarjonta.\",\"isPartOf\":{\"@id\":\"https:\/\/www.ebookers.fi\/matka-blogi\/#website\"},\"datePublished\":\"2017-01-13T11:47:02+00:00\",\"dateModified\":\"2018-04-21T21:04:14+00:00\",\"author\":{\"@id\":\"https:\/\/www.ebookers.fi\/matka-blogi\/#\/schema\/person\/6a2aec2e388517579b4c423f02d3f50a\"},\"description\":\"Haluatko l\u00f6yt\u00e4\u00e4 uudet ja trendikk\u00e4\u00e4t matkailukohteet ensimm\u00e4isten joukossa? Seuraavassa esitell\u00e4\u00e4n vuoden 2017 mielenkiintoisimmat kohteet ja niiden tarjonta.\",\"breadcrumb\":{\"@id\":\"https:\/\/www.ebookers.fi\/matka-blogi\/aurinko\/trendikkaat-matkakohteet-vuonna-2017\/#breadcrumb\"},\"inLanguage\":\"en-US\",\"potentialAction\":[{\"@type\":\"ReadAction\",\"target\":[\"https:\/\/www.ebookers.fi\/matka-blogi\/aurinko\/trendikkaat-matkakohteet-vuonna-2017\/\"]}]},{\"@type\":\"BreadcrumbList\",\"@id\":\"https:\/\/www.ebookers.fi\/matka-blogi\/aurinko\/trendikkaat-matkakohteet-vuonna-2017\/#breadcrumb\",\"itemListElement\":[{\"@type\":\"ListItem\",\"position\":1,\"name\":\"Home\",\"item\":\"https:\/\/www.ebookers.fi\/matka-blogi\/\"},{\"@type\":\"ListItem\",\"position\":2,\"name\":\"Trendikk\u00e4\u00e4t matkakohteet vuonna 2017\"}]},{\"@type\":\"WebSite\",\"@id\":\"https:\/\/www.ebookers.fi\/matka-blogi\/#website\",\"url\":\"https:\/\/www.ebookers.fi\/matka-blogi\/\",\"name\":\"ebookers matkablogi\",\"description\":\"Tarinoita maailmalta ja maailmasta\",\"potentialAction\":[{\"@type\":\"SearchAction\",\"target\":{\"@type\":\"EntryPoint\",\"urlTemplate\":\"https:\/\/www.ebookers.fi\/matka-blogi\/?s={search_term_string}\"},\"query-input\":\"required name=search_term_string\"}],\"inLanguage\":\"en-US\"},{\"@type\":\"Person\",\"@id\":\"https:\/\/www.ebookers.fi\/matka-blogi\/#\/schema\/person\/6a2aec2e388517579b4c423f02d3f50a\",\"name\":\"Frances Doherty\",\"url\":\"https:\/\/www.ebookers.fi\/matka-blogi\/author\/frances\/\"}]}<\/script>\n<!-- \/ Yoast SEO plugin. -->","yoast_head_json":{"title":"Haluatko l\u00f6yt\u00e4\u00e4 uudet ja trendikk\u00e4\u00e4t matkailukohteet ensimm\u00e4isten joukossa? Seuraavassa esitell\u00e4\u00e4n vuoden 2017 mielenkiintoisimmat kohteet ja niiden tarjonta.","description":"Haluatko l\u00f6yt\u00e4\u00e4 uudet ja trendikk\u00e4\u00e4t matkailukohteet ensimm\u00e4isten joukossa? Seuraavassa esitell\u00e4\u00e4n vuoden 2017 mielenkiintoisimmat kohteet ja niiden tarjonta.","robots":{"index":"index","follow":"follow","max-snippet":"max-snippet:-1","max-image-preview":"max-image-preview:large","max-video-preview":"max-video-preview:-1"},"canonical":"https:\/\/www.ebookers.fi\/matka-blogi\/aurinko\/trendikkaat-matkakohteet-vuonna-2017\/","og_locale":"en_US","og_type":"article","og_title":"Haluatko l\u00f6yt\u00e4\u00e4 uudet ja trendikk\u00e4\u00e4t matkailukohteet ensimm\u00e4isten joukossa? Seuraavassa esitell\u00e4\u00e4n vuoden 2017 mielenkiintoisimmat kohteet ja niiden tarjonta.","og_description":"Haluatko l\u00f6yt\u00e4\u00e4 uudet ja trendikk\u00e4\u00e4t matkailukohteet ensimm\u00e4isten joukossa? Seuraavassa esitell\u00e4\u00e4n vuoden 2017 mielenkiintoisimmat kohteet ja niiden tarjonta.","og_url":"https:\/\/www.ebookers.fi\/matka-blogi\/aurinko\/trendikkaat-matkakohteet-vuonna-2017\/","og_site_name":"ebookers matkablogi","article_published_time":"2017-01-13T11:47:02+00:00","article_modified_time":"2018-04-21T21:04:14+00:00","author":"Frances Doherty","twitter_card":"summary_large_image","twitter_image":"https:\/\/www.ebookers.fi\/matka-blogi\/wp-content\/uploads\/2017\/01\/Balkan-Landscape-.jpg","twitter_misc":{"Written by":"Frances Doherty","Est. reading time":"2 minutes"},"schema":{"@context":"https:\/\/schema.org","@graph":[{"@type":"WebPage","@id":"https:\/\/www.ebookers.fi\/matka-blogi\/aurinko\/trendikkaat-matkakohteet-vuonna-2017\/","url":"https:\/\/www.ebookers.fi\/matka-blogi\/aurinko\/trendikkaat-matkakohteet-vuonna-2017\/","name":"Haluatko l\u00f6yt\u00e4\u00e4 uudet ja trendikk\u00e4\u00e4t matkailukohteet ensimm\u00e4isten joukossa? Seuraavassa esitell\u00e4\u00e4n vuoden 2017 mielenkiintoisimmat kohteet ja niiden tarjonta.","isPartOf":{"@id":"https:\/\/www.ebookers.fi\/matka-blogi\/#website"},"datePublished":"2017-01-13T11:47:02+00:00","dateModified":"2018-04-21T21:04:14+00:00","author":{"@id":"https:\/\/www.ebookers.fi\/matka-blogi\/#\/schema\/person\/6a2aec2e388517579b4c423f02d3f50a"},"description":"Haluatko l\u00f6yt\u00e4\u00e4 uudet ja trendikk\u00e4\u00e4t matkailukohteet ensimm\u00e4isten joukossa? Seuraavassa esitell\u00e4\u00e4n vuoden 2017 mielenkiintoisimmat kohteet ja niiden tarjonta.","breadcrumb":{"@id":"https:\/\/www.ebookers.fi\/matka-blogi\/aurinko\/trendikkaat-matkakohteet-vuonna-2017\/#breadcrumb"},"inLanguage":"en-US","potentialAction":[{"@type":"ReadAction","target":["https:\/\/www.ebookers.fi\/matka-blogi\/aurinko\/trendikkaat-matkakohteet-vuonna-2017\/"]}]},{"@type":"BreadcrumbList","@id":"https:\/\/www.ebookers.fi\/matka-blogi\/aurinko\/trendikkaat-matkakohteet-vuonna-2017\/#breadcrumb","itemListElement":[{"@type":"ListItem","position":1,"name":"Home","item":"https:\/\/www.ebookers.fi\/matka-blogi\/"},{"@type":"ListItem","position":2,"name":"Trendikk\u00e4\u00e4t matkakohteet vuonna 2017"}]},{"@type":"WebSite","@id":"https:\/\/www.ebookers.fi\/matka-blogi\/#website","url":"https:\/\/www.ebookers.fi\/matka-blogi\/","name":"ebookers matkablogi","description":"Tarinoita maailmalta ja maailmasta","potentialAction":[{"@type":"SearchAction","target":{"@type":"EntryPoint","urlTemplate":"https:\/\/www.ebookers.fi\/matka-blogi\/?s={search_term_string}"},"query-input":"required name=search_term_string"}],"inLanguage":"en-US"},{"@type":"Person","@id":"https:\/\/www.ebookers.fi\/matka-blogi\/#\/schema\/person\/6a2aec2e388517579b4c423f02d3f50a","name":"Frances Doherty","url":"https:\/\/www.ebookers.fi\/matka-blogi\/author\/frances\/"}]}},"amp_enabled":true,"_links":{"self":[{"href":"https:\/\/www.ebookers.fi\/matka-blogi\/wp-json\/wp\/v2\/posts\/10388","targetHints":{"allow":["GET"]}}],"collection":[{"href":"https:\/\/www.ebookers.fi\/matka-blogi\/wp-json\/wp\/v2\/posts"}],"about":[{"href":"https:\/\/www.ebookers.fi\/matka-blogi\/wp-json\/wp\/v2\/types\/post"}],"author":[{"embeddable":true,"href":"https:\/\/www.ebookers.fi\/matka-blogi\/wp-json\/wp\/v2\/users\/38"}],"replies":[{"embeddable":true,"href":"https:\/\/www.ebookers.fi\/matka-blogi\/wp-json\/wp\/v2\/comments?post=10388"}],"version-history":[{"count":1,"href":"https:\/\/www.ebookers.fi\/matka-blogi\/wp-json\/wp\/v2\/posts\/10388\/revisions"}],"predecessor-version":[{"id":10394,"href":"https:\/\/www.ebookers.fi\/matka-blogi\/wp-json\/wp\/v2\/posts\/10388\/revisions\/10394"}],"wp:featuredmedia":[{"embeddable":true,"href":"https:\/\/www.ebookers.fi\/matka-blogi\/wp-json\/wp\/v2\/media\/10393"}],"wp:attachment":[{"href":"https:\/\/www.ebookers.fi\/matka-blogi\/wp-json\/wp\/v2\/media?parent=10388"}],"wp:term":[{"taxonomy":"category","embeddable":true,"href":"https:\/\/www.ebookers.fi\/matka-blogi\/wp-json\/wp\/v2\/categories?post=10388"},{"taxonomy":"post_tag","embeddable":true,"href":"https:\/\/www.ebookers.fi\/matka-blogi\/wp-json\/wp\/v2\/tags?post=10388"}],"curies":[{"name":"wp","href":"https:\/\/api.w.org\/{rel}","templated":true}]}}